{"id":11901,"date":"2025-02-02T21:26:53","date_gmt":"2025-02-02T21:26:53","guid":{"rendered":"https:\/\/txellpatxotarquitectura.com\/?p=11901"},"modified":"2025-02-03T20:48:54","modified_gmt":"2025-02-03T20:48:54","slug":"unlu-havacilar-ve-yazar-olma-yolculuklari","status":"publish","type":"post","link":"https:\/\/txellpatxotarquitectura.com\/index.php\/2025\/02\/02\/unlu-havacilar-ve-yazar-olma-yolculuklari\/","title":{"rendered":"\u00dcnl\u00fc Havac\u0131lar ve Yazar Olma Yolculuklar\u0131"},"content":{"rendered":"<p><html><head><\/head><body><\/p>\n<h1>\u00dcnl\u00fc Havac\u0131lar ve Yazar Olma Yolculuklar\u0131<\/h1>\n<p>Havac\u0131l\u0131k tarihinde iz b\u0131rakan bir\u00e7ok pilot, u\u00e7ma deneyimlerini ve hayat hikayelerini edebi d\u00fcnyaya da ta\u015f\u0131m\u0131\u015ft\u0131r. \u00ab\u00dcnl\u00fc Havac\u0131lar Kimlerdir ve Hangi Eserleri Yazm\u0131\u015flard\u0131r?\u00bb sorusunun yan\u0131t\u0131n\u0131 bu makalede bulabilirsiniz. Havac\u0131l\u0131\u011f\u0131n s\u0131n\u0131rlar\u0131n\u0131 zorlayarak tarihe ge\u00e7en bu cesur ki\u015filer, kaleme ald\u0131klar\u0131 eserlerle bizlere kendi d\u00fcnyalar\u0131ndan pencereler a\u00e7maktad\u0131r.<\/p>\n<h2>Havac\u0131l\u0131\u011f\u0131n Kaleme D\u00f6k\u00fclen Hikayeleri<\/h2>\n<p>Bir\u00e7ok pilot, u\u00e7u\u015f hayat\u0131nda edindikleri deneyimleri ve ya\u015fad\u0131klar\u0131 zorluklar\u0131 kitap olarak yay\u0131mlam\u0131\u015flard\u0131r. U\u00e7u\u015f s\u0131ras\u0131nda elde ettikleri e\u015fsiz bak\u0131\u015f a\u00e7\u0131s\u0131, edebi anlat\u0131mlarla birle\u015ferek bizlere okunmas\u0131 keyifli ve \u00f6\u011fretici eserler sunar. Onlar\u0131n hikayeleri, sadece macera ve cesaret de\u011fil, ayn\u0131 zamanda insanl\u0131\u011f\u0131n s\u0131n\u0131rlar\u0131n\u0131 nas\u0131l zorlad\u0131klar\u0131n\u0131n da bir belgesidir.<\/p>\n<h2>Charles A. Lindbergh: Lindbergh\u2019in Kalemi<\/h2>\n<p>Charles A. Lindbergh, Atlantik Okyanusu&#8217;nu kesintisiz u\u00e7an ilk pilottur. Ancak, onun yetenekleri yaln\u0131zca havac\u0131l\u0131kla s\u0131n\u0131rl\u0131 de\u011fildir. \u00abSpirit of St. Louis\u00bb ad\u0131ndaki kitab\u0131, bu tarihi u\u00e7u\u015fun ayr\u0131nt\u0131lar\u0131n\u0131 etkileyici bir dille anlatmaktad\u0131r. Lindbergh&#8217;in bu eseri, sadece kendi ad\u0131yla \u00f6d\u00fcller kazanmakla kalmay\u0131p, okuyuculara cesaret ve insani ke\u015fif konular\u0131nda ilham vermektedir.<\/p>\n<h2>Beryl Markham: Havac\u0131 ve Yazar<\/h2>\n<p>Beryl Markham, Afrika&#8217;n\u0131n u\u00e7suz bucaks\u0131z g\u00f6klerinde iz b\u0131rakan bir ba\u015fka \u00fcnl\u00fc pilot ve yazard\u0131r. 1936&#8217;da Bat\u0131&#8217;dan Do\u011fu&#8217;ya Atlantik&#8217;i ge\u00e7en ilk kad\u0131n pilot olarak tarihe ge\u00e7mi\u015ftir. \u00abWest with the Night\u00bb adl\u0131 kitab\u0131, kendi hikayesini ve Afrika&#8217;n\u0131n e\u015fsiz do\u011fas\u0131n\u0131 \u00f6zg\u00fcn bir dille okuyucuya sunmaktad\u0131r. Kitap, Hemingway taraf\u0131ndan bile \u00e7ok be\u011fenilmi\u015ftir ve kad\u0131n pilotlar\u0131n g\u00fcc\u00fcne dair \u00f6nemli bir eserdir <a href=\"https:\/\/pointpleasantinn.com\/\">aviator u\u00e7ak oyunu<\/a>.<\/p>\n<h3>Ernest K. Gann ve Havac\u0131l\u0131\u011f\u0131n Edebiyattaki Yeri<\/h3>\n<p>Ernest K. Gann, b\u00fcy\u00fck \u00f6l\u00e7\u00fcde kendi ya\u015fam deneyimlerinden esinlenmi\u015f pek \u00e7ok kitab\u0131 kaleme alm\u0131\u015f bir pilottur. \u00abFate is the Hunter\u00bb onun belki de en bilinen eseridir ve havac\u0131l\u0131kla ilgili derin i\u00e7g\u00f6r\u00fcler sunar. Eserlerinde, pilotlar\u0131n g\u00fcnl\u00fck kar\u015f\u0131la\u015ft\u0131klar\u0131 zorluklar\u0131 ve beklenmedik durumlarla ba\u015fa \u00e7\u0131kma yollar\u0131n\u0131 etkileyici bir dille payla\u015fmaktad\u0131r. Gann\u2019in edebi yetene\u011fi, onu havac\u0131l\u0131k konulu yaz\u0131lar aras\u0131nda benzersiz bir yere ta\u015f\u0131maktad\u0131r.<\/p>\n<h2>Havac\u0131lar Taraf\u0131ndan Yaz\u0131lm\u0131\u015f \u00d6nemli Kitaplar<\/h2>\n<p>Havac\u0131l\u0131kla ilgili yaz\u0131lan \u00f6nemli kitaplar, okuyuculara sadece tarih de\u011fil, ayn\u0131 zamanda insan ruhunun dayan\u0131kl\u0131l\u0131\u011f\u0131 hakk\u0131nda da bilgi vermektedir. \u0130\u015fte birka\u00e7 \u00f6nemli eser:<\/p>\n<ol>\n<li>\u00abThe Spirit of St. Louis\u00bb &#8211; Charles A. Lindbergh<\/li>\n<li>\u00abWest with the Night\u00bb &#8211; Beryl Markham<\/li>\n<li>\u00abFate is the Hunter\u00bb &#8211; Ernest K. Gann<\/li>\n<\/ol>\n<p>Bu eserler, yaln\u0131zca birer macera hikayesi de\u011fil, ayn\u0131 zamanda y\u00f6neticilik, liderlik ve azim dersleri de i\u00e7ermektedir.<\/p>\n<h2>Sonu\u00e7<\/h2>\n<p>Sonu\u00e7 olarak, hava ta\u015f\u0131tlar\u0131n\u0131 kullan\u0131rken kazan\u0131lan deneyimler, \u00fcnl\u00fc havac\u0131lar\u0131n hayatlar\u0131n\u0131n sadece bir b\u00f6l\u00fcm\u00fcn\u00fc olu\u015fturmakta; kalemleri arac\u0131l\u0131\u011f\u0131yla verdikleri mesajlar ve sunduklar\u0131 i\u00e7g\u00f6r\u00fclerle de bizlere geni\u015f bilgi alanlar\u0131 sunmaktad\u0131r. Havac\u0131l\u0131\u011f\u0131n insan ruhuyla olan ili\u015fkisini anlamak isteyenler i\u00e7in bu eserler \u00f6nem ta\u015f\u0131maktad\u0131r ve her biri ayr\u0131 bir bak\u0131\u015f a\u00e7\u0131s\u0131 sunmaktad\u0131r.<\/p>\n<h2>SSS<\/h2>\n<h4>Hangi \u00fcnl\u00fc havac\u0131lar ayn\u0131 zamanda yazard\u0131?<\/h4>\n<p>Charles A. Lindbergh, Beryl Markham ve Ernest K. Gann gibi isimler, hem havac\u0131l\u0131kta hem de yazarl\u0131kta ba\u015far\u0131 elde etmi\u015f \u00fcnl\u00fc fig\u00fcrlerdendir.<\/p>\n<h4>Havac\u0131l\u0131k hakk\u0131nda yaz\u0131lan \u00f6nemli kitaplar nelerdir?<\/h4>\n<p>\u00abThe Spirit of St. Louis\u00bb, \u00abWest with the Night\u00bb ve \u00abFate is the Hunter\u00bb \u00f6nemli havac\u0131l\u0131k konulu kitaplar aras\u0131ndad\u0131r.<\/p>\n<h4>Ernest K. Gann\u2019in \u201cFate is the Hunter\u201d kitab\u0131n\u0131n konusu nedir?<\/h4>\n<p>Kitap, Gann&#8217;in havac\u0131l\u0131k kariyerindeki deneyimleri ve kar\u015f\u0131la\u015ft\u0131\u011f\u0131 zorluklar \u00fczerine bir \u00f6n tasar\u0131md\u0131r; her b\u00f6l\u00fcmde farkl\u0131 bir u\u00e7u\u015f hikayesi g\u00f6zler \u00f6n\u00fcne serilir.<\/p>\n<h4>Beryl Markham neden \u00f6nemlidir?<\/h4>\n<p>Beryl Markham, Atlantik\u2019i Bat\u0131dan do\u011fuya ge\u00e7en ilk kad\u0131n pilot oldu\u011fu i\u00e7in havac\u0131l\u0131k tarihinde \u00f6nemli bir yere sahiptir. \u00abWest with the Night\u00bb adl\u0131 kitab\u0131, bu ba\u015far\u0131s\u0131n\u0131 ve Afrika deneyimlerini anlat\u0131r.<\/p>\n<h4>\u00dcnl\u00fc havac\u0131lar\u0131n yazd\u0131\u011f\u0131 eserler nas\u0131l bir mesaj ta\u015f\u0131r?<\/h4>\n<p>Bu eserler, cesaret, yenilik\u00e7ilik ve insan s\u0131n\u0131rlar\u0131n\u0131 zorlama temalar\u0131n\u0131 i\u015fleyerek okuyuculara ilham verir, liderlik ve azim gibi konularda bilgiary sunar.<\/p>\n<p><\/body><\/html><\/p>\n","protected":false},"excerpt":{"rendered":"<p>\u00dcnl\u00fc Havac\u0131lar ve Yazar Olma Yolculuklar\u0131 Havac\u0131l\u0131k tarihinde iz b\u0131rakan bir\u00e7ok pilot, u\u00e7ma deneyimlerini ve hayat hikayelerini edebi d\u00fcnyaya da ta\u015f\u0131m\u0131\u015ft\u0131r. \u00ab\u00dcnl\u00fc Havac\u0131lar Kimlerdir ve Hangi Eserleri Yazm\u0131\u015flard\u0131r?\u00bb sorusunun yan\u0131t\u0131n\u0131 bu makalede bulabilirsiniz. Havac\u0131l\u0131\u011f\u0131n s\u0131n\u0131rlar\u0131n\u0131 zorlayarak tarihe ge\u00e7en bu cesur ki\u015filer, kaleme ald\u0131klar\u0131 eserlerle bizlere kendi d\u00fcnyalar\u0131ndan pencereler a\u00e7maktad\u0131r. Havac\u0131l\u0131\u011f\u0131n Kaleme D\u00f6k\u00fclen Hikayeleri Bir\u00e7ok pilot, [&hellip;]<\/p>\n","protected":false},"author":1,"featured_media":0,"comment_status":"closed","ping_status":"open","sticky":false,"template":"","format":"standard","meta":{"footnotes":""},"categories":[1],"tags":[],"class_list":["post-11901","post","type-post","status-publish","format-standard","hentry","category-blog"],"yoast_head":"<!-- This site is optimized with the Yoast SEO plugin v27.4 - https:\/\/yoast.com\/product\/yoast-seo-wordpress\/ -->\n<title>\u00dcnl\u00fc Havac\u0131lar ve Yazar Olma Yolculuklar\u0131 - Txell Patxot. Arquitectura y dise\u00f1o<\/title>\n<meta name=\"robots\" content=\"index, follow, max-snippet:-1, max-image-preview:large, max-video-preview:-1\" \/>\n<link rel=\"canonical\" href=\"https:\/\/txellpatxotarquitectura.com\/index.php\/2025\/02\/02\/unlu-havacilar-ve-yazar-olma-yolculuklari\/\" \/>\n<meta property=\"og:locale\" content=\"es_ES\" \/>\n<meta property=\"og:type\" content=\"article\" \/>\n<meta property=\"og:title\" content=\"\u00dcnl\u00fc Havac\u0131lar ve Yazar Olma Yolculuklar\u0131 - Txell Patxot. Arquitectura y dise\u00f1o\" \/>\n<meta property=\"og:description\" content=\"\u00dcnl\u00fc Havac\u0131lar ve Yazar Olma Yolculuklar\u0131 Havac\u0131l\u0131k tarihinde iz b\u0131rakan bir\u00e7ok pilot, u\u00e7ma deneyimlerini ve hayat hikayelerini edebi d\u00fcnyaya da ta\u015f\u0131m\u0131\u015ft\u0131r. \u00ab\u00dcnl\u00fc Havac\u0131lar Kimlerdir ve Hangi Eserleri Yazm\u0131\u015flard\u0131r?\u00bb sorusunun yan\u0131t\u0131n\u0131 bu makalede bulabilirsiniz. Havac\u0131l\u0131\u011f\u0131n s\u0131n\u0131rlar\u0131n\u0131 zorlayarak tarihe ge\u00e7en bu cesur ki\u015filer, kaleme ald\u0131klar\u0131 eserlerle bizlere kendi d\u00fcnyalar\u0131ndan pencereler a\u00e7maktad\u0131r. Havac\u0131l\u0131\u011f\u0131n Kaleme D\u00f6k\u00fclen Hikayeleri Bir\u00e7ok pilot, [&hellip;]\" \/>\n<meta property=\"og:url\" content=\"https:\/\/txellpatxotarquitectura.com\/index.php\/2025\/02\/02\/unlu-havacilar-ve-yazar-olma-yolculuklari\/\" \/>\n<meta property=\"og:site_name\" content=\"Txell Patxot. Arquitectura y dise\u00f1o\" \/>\n<meta property=\"article:published_time\" content=\"2025-02-02T21:26:53+00:00\" \/>\n<meta property=\"article:modified_time\" content=\"2025-02-03T20:48:54+00:00\" \/>\n<meta name=\"author\" content=\"txellpatxotarquitectura.com\" \/>\n<meta name=\"twitter:card\" content=\"summary_large_image\" \/>\n<meta name=\"twitter:label1\" content=\"Escrito por\" \/>\n\t<meta name=\"twitter:data1\" content=\"txellpatxotarquitectura.com\" \/>\n\t<meta name=\"twitter:label2\" content=\"Tiempo de lectura\" \/>\n\t<meta name=\"twitter:data2\" content=\"4 minutos\" \/>\n<script type=\"application\/ld+json\" class=\"yoast-schema-graph\">{\"@context\":\"https:\\\/\\\/schema.org\",\"@graph\":[{\"@type\":\"Article\",\"@id\":\"https:\\\/\\\/txellpatxotarquitectura.com\\\/index.php\\\/2025\\\/02\\\/02\\\/unlu-havacilar-ve-yazar-olma-yolculuklari\\\/#article\",\"isPartOf\":{\"@id\":\"https:\\\/\\\/txellpatxotarquitectura.com\\\/index.php\\\/2025\\\/02\\\/02\\\/unlu-havacilar-ve-yazar-olma-yolculuklari\\\/\"},\"author\":{\"name\":\"txellpatxotarquitectura.com\",\"@id\":\"https:\\\/\\\/txellpatxotarquitectura.com\\\/#\\\/schema\\\/person\\\/c5713e5b533363c36ffee7ddb4102d49\"},\"headline\":\"\u00dcnl\u00fc Havac\u0131lar ve Yazar Olma Yolculuklar\u0131\",\"datePublished\":\"2025-02-02T21:26:53+00:00\",\"dateModified\":\"2025-02-03T20:48:54+00:00\",\"mainEntityOfPage\":{\"@id\":\"https:\\\/\\\/txellpatxotarquitectura.com\\\/index.php\\\/2025\\\/02\\\/02\\\/unlu-havacilar-ve-yazar-olma-yolculuklari\\\/\"},\"wordCount\":777,\"articleSection\":[\"Blog\"],\"inLanguage\":\"es\"},{\"@type\":\"WebPage\",\"@id\":\"https:\\\/\\\/txellpatxotarquitectura.com\\\/index.php\\\/2025\\\/02\\\/02\\\/unlu-havacilar-ve-yazar-olma-yolculuklari\\\/\",\"url\":\"https:\\\/\\\/txellpatxotarquitectura.com\\\/index.php\\\/2025\\\/02\\\/02\\\/unlu-havacilar-ve-yazar-olma-yolculuklari\\\/\",\"name\":\"\u00dcnl\u00fc Havac\u0131lar ve Yazar Olma Yolculuklar\u0131 - Txell Patxot. Arquitectura y dise\u00f1o\",\"isPartOf\":{\"@id\":\"https:\\\/\\\/txellpatxotarquitectura.com\\\/#website\"},\"datePublished\":\"2025-02-02T21:26:53+00:00\",\"dateModified\":\"2025-02-03T20:48:54+00:00\",\"author\":{\"@id\":\"https:\\\/\\\/txellpatxotarquitectura.com\\\/#\\\/schema\\\/person\\\/c5713e5b533363c36ffee7ddb4102d49\"},\"breadcrumb\":{\"@id\":\"https:\\\/\\\/txellpatxotarquitectura.com\\\/index.php\\\/2025\\\/02\\\/02\\\/unlu-havacilar-ve-yazar-olma-yolculuklari\\\/#breadcrumb\"},\"inLanguage\":\"es\",\"potentialAction\":[{\"@type\":\"ReadAction\",\"target\":[\"https:\\\/\\\/txellpatxotarquitectura.com\\\/index.php\\\/2025\\\/02\\\/02\\\/unlu-havacilar-ve-yazar-olma-yolculuklari\\\/\"]}]},{\"@type\":\"BreadcrumbList\",\"@id\":\"https:\\\/\\\/txellpatxotarquitectura.com\\\/index.php\\\/2025\\\/02\\\/02\\\/unlu-havacilar-ve-yazar-olma-yolculuklari\\\/#breadcrumb\",\"itemListElement\":[{\"@type\":\"ListItem\",\"position\":1,\"name\":\"Portada\",\"item\":\"https:\\\/\\\/txellpatxotarquitectura.com\\\/\"},{\"@type\":\"ListItem\",\"position\":2,\"name\":\"\u00dcnl\u00fc Havac\u0131lar ve Yazar Olma Yolculuklar\u0131\"}]},{\"@type\":\"WebSite\",\"@id\":\"https:\\\/\\\/txellpatxotarquitectura.com\\\/#website\",\"url\":\"https:\\\/\\\/txellpatxotarquitectura.com\\\/\",\"name\":\"Txell Patxot. Arquitectura y dise\u00f1o\",\"description\":\"\",\"potentialAction\":[{\"@type\":\"SearchAction\",\"target\":{\"@type\":\"EntryPoint\",\"urlTemplate\":\"https:\\\/\\\/txellpatxotarquitectura.com\\\/?s={search_term_string}\"},\"query-input\":{\"@type\":\"PropertyValueSpecification\",\"valueRequired\":true,\"valueName\":\"search_term_string\"}}],\"inLanguage\":\"es\"},{\"@type\":\"Person\",\"@id\":\"https:\\\/\\\/txellpatxotarquitectura.com\\\/#\\\/schema\\\/person\\\/c5713e5b533363c36ffee7ddb4102d49\",\"name\":\"txellpatxotarquitectura.com\",\"image\":{\"@type\":\"ImageObject\",\"inLanguage\":\"es\",\"@id\":\"https:\\\/\\\/secure.gravatar.com\\\/avatar\\\/b0c9f649e13ff6fa5d2b637e4cb4ef183eabc366116840fee0aa9a9e66b30001?s=96&d=mm&r=g\",\"url\":\"https:\\\/\\\/secure.gravatar.com\\\/avatar\\\/b0c9f649e13ff6fa5d2b637e4cb4ef183eabc366116840fee0aa9a9e66b30001?s=96&d=mm&r=g\",\"contentUrl\":\"https:\\\/\\\/secure.gravatar.com\\\/avatar\\\/b0c9f649e13ff6fa5d2b637e4cb4ef183eabc366116840fee0aa9a9e66b30001?s=96&d=mm&r=g\",\"caption\":\"txellpatxotarquitectura.com\"},\"sameAs\":[\"https:\\\/\\\/txellpatxotarquitectura.com\"],\"url\":\"https:\\\/\\\/txellpatxotarquitectura.com\\\/index.php\\\/author\\\/txellpatxotarquitectura-com\\\/\"}]}<\/script>\n<!-- \/ Yoast SEO plugin. -->","yoast_head_json":{"title":"\u00dcnl\u00fc Havac\u0131lar ve Yazar Olma Yolculuklar\u0131 - Txell Patxot. Arquitectura y dise\u00f1o","robots":{"index":"index","follow":"follow","max-snippet":"max-snippet:-1","max-image-preview":"max-image-preview:large","max-video-preview":"max-video-preview:-1"},"canonical":"https:\/\/txellpatxotarquitectura.com\/index.php\/2025\/02\/02\/unlu-havacilar-ve-yazar-olma-yolculuklari\/","og_locale":"es_ES","og_type":"article","og_title":"\u00dcnl\u00fc Havac\u0131lar ve Yazar Olma Yolculuklar\u0131 - Txell Patxot. Arquitectura y dise\u00f1o","og_description":"\u00dcnl\u00fc Havac\u0131lar ve Yazar Olma Yolculuklar\u0131 Havac\u0131l\u0131k tarihinde iz b\u0131rakan bir\u00e7ok pilot, u\u00e7ma deneyimlerini ve hayat hikayelerini edebi d\u00fcnyaya da ta\u015f\u0131m\u0131\u015ft\u0131r. \u00ab\u00dcnl\u00fc Havac\u0131lar Kimlerdir ve Hangi Eserleri Yazm\u0131\u015flard\u0131r?\u00bb sorusunun yan\u0131t\u0131n\u0131 bu makalede bulabilirsiniz. Havac\u0131l\u0131\u011f\u0131n s\u0131n\u0131rlar\u0131n\u0131 zorlayarak tarihe ge\u00e7en bu cesur ki\u015filer, kaleme ald\u0131klar\u0131 eserlerle bizlere kendi d\u00fcnyalar\u0131ndan pencereler a\u00e7maktad\u0131r. Havac\u0131l\u0131\u011f\u0131n Kaleme D\u00f6k\u00fclen Hikayeleri Bir\u00e7ok pilot, [&hellip;]","og_url":"https:\/\/txellpatxotarquitectura.com\/index.php\/2025\/02\/02\/unlu-havacilar-ve-yazar-olma-yolculuklari\/","og_site_name":"Txell Patxot. Arquitectura y dise\u00f1o","article_published_time":"2025-02-02T21:26:53+00:00","article_modified_time":"2025-02-03T20:48:54+00:00","author":"txellpatxotarquitectura.com","twitter_card":"summary_large_image","twitter_misc":{"Escrito por":"txellpatxotarquitectura.com","Tiempo de lectura":"4 minutos"},"schema":{"@context":"https:\/\/schema.org","@graph":[{"@type":"Article","@id":"https:\/\/txellpatxotarquitectura.com\/index.php\/2025\/02\/02\/unlu-havacilar-ve-yazar-olma-yolculuklari\/#article","isPartOf":{"@id":"https:\/\/txellpatxotarquitectura.com\/index.php\/2025\/02\/02\/unlu-havacilar-ve-yazar-olma-yolculuklari\/"},"author":{"name":"txellpatxotarquitectura.com","@id":"https:\/\/txellpatxotarquitectura.com\/#\/schema\/person\/c5713e5b533363c36ffee7ddb4102d49"},"headline":"\u00dcnl\u00fc Havac\u0131lar ve Yazar Olma Yolculuklar\u0131","datePublished":"2025-02-02T21:26:53+00:00","dateModified":"2025-02-03T20:48:54+00:00","mainEntityOfPage":{"@id":"https:\/\/txellpatxotarquitectura.com\/index.php\/2025\/02\/02\/unlu-havacilar-ve-yazar-olma-yolculuklari\/"},"wordCount":777,"articleSection":["Blog"],"inLanguage":"es"},{"@type":"WebPage","@id":"https:\/\/txellpatxotarquitectura.com\/index.php\/2025\/02\/02\/unlu-havacilar-ve-yazar-olma-yolculuklari\/","url":"https:\/\/txellpatxotarquitectura.com\/index.php\/2025\/02\/02\/unlu-havacilar-ve-yazar-olma-yolculuklari\/","name":"\u00dcnl\u00fc Havac\u0131lar ve Yazar Olma Yolculuklar\u0131 - Txell Patxot. Arquitectura y dise\u00f1o","isPartOf":{"@id":"https:\/\/txellpatxotarquitectura.com\/#website"},"datePublished":"2025-02-02T21:26:53+00:00","dateModified":"2025-02-03T20:48:54+00:00","author":{"@id":"https:\/\/txellpatxotarquitectura.com\/#\/schema\/person\/c5713e5b533363c36ffee7ddb4102d49"},"breadcrumb":{"@id":"https:\/\/txellpatxotarquitectura.com\/index.php\/2025\/02\/02\/unlu-havacilar-ve-yazar-olma-yolculuklari\/#breadcrumb"},"inLanguage":"es","potentialAction":[{"@type":"ReadAction","target":["https:\/\/txellpatxotarquitectura.com\/index.php\/2025\/02\/02\/unlu-havacilar-ve-yazar-olma-yolculuklari\/"]}]},{"@type":"BreadcrumbList","@id":"https:\/\/txellpatxotarquitectura.com\/index.php\/2025\/02\/02\/unlu-havacilar-ve-yazar-olma-yolculuklari\/#breadcrumb","itemListElement":[{"@type":"ListItem","position":1,"name":"Portada","item":"https:\/\/txellpatxotarquitectura.com\/"},{"@type":"ListItem","position":2,"name":"\u00dcnl\u00fc Havac\u0131lar ve Yazar Olma Yolculuklar\u0131"}]},{"@type":"WebSite","@id":"https:\/\/txellpatxotarquitectura.com\/#website","url":"https:\/\/txellpatxotarquitectura.com\/","name":"Txell Patxot. Arquitectura y dise\u00f1o","description":"","potentialAction":[{"@type":"SearchAction","target":{"@type":"EntryPoint","urlTemplate":"https:\/\/txellpatxotarquitectura.com\/?s={search_term_string}"},"query-input":{"@type":"PropertyValueSpecification","valueRequired":true,"valueName":"search_term_string"}}],"inLanguage":"es"},{"@type":"Person","@id":"https:\/\/txellpatxotarquitectura.com\/#\/schema\/person\/c5713e5b533363c36ffee7ddb4102d49","name":"txellpatxotarquitectura.com","image":{"@type":"ImageObject","inLanguage":"es","@id":"https:\/\/secure.gravatar.com\/avatar\/b0c9f649e13ff6fa5d2b637e4cb4ef183eabc366116840fee0aa9a9e66b30001?s=96&d=mm&r=g","url":"https:\/\/secure.gravatar.com\/avatar\/b0c9f649e13ff6fa5d2b637e4cb4ef183eabc366116840fee0aa9a9e66b30001?s=96&d=mm&r=g","contentUrl":"https:\/\/secure.gravatar.com\/avatar\/b0c9f649e13ff6fa5d2b637e4cb4ef183eabc366116840fee0aa9a9e66b30001?s=96&d=mm&r=g","caption":"txellpatxotarquitectura.com"},"sameAs":["https:\/\/txellpatxotarquitectura.com"],"url":"https:\/\/txellpatxotarquitectura.com\/index.php\/author\/txellpatxotarquitectura-com\/"}]}},"_links":{"self":[{"href":"https:\/\/txellpatxotarquitectura.com\/index.php\/wp-json\/wp\/v2\/posts\/11901","targetHints":{"allow":["GET"]}}],"collection":[{"href":"https:\/\/txellpatxotarquitectura.com\/index.php\/wp-json\/wp\/v2\/posts"}],"about":[{"href":"https:\/\/txellpatxotarquitectura.com\/index.php\/wp-json\/wp\/v2\/types\/post"}],"author":[{"embeddable":true,"href":"https:\/\/txellpatxotarquitectura.com\/index.php\/wp-json\/wp\/v2\/users\/1"}],"replies":[{"embeddable":true,"href":"https:\/\/txellpatxotarquitectura.com\/index.php\/wp-json\/wp\/v2\/comments?post=11901"}],"version-history":[{"count":1,"href":"https:\/\/txellpatxotarquitectura.com\/index.php\/wp-json\/wp\/v2\/posts\/11901\/revisions"}],"predecessor-version":[{"id":11902,"href":"https:\/\/txellpatxotarquitectura.com\/index.php\/wp-json\/wp\/v2\/posts\/11901\/revisions\/11902"}],"wp:attachment":[{"href":"https:\/\/txellpatxotarquitectura.com\/index.php\/wp-json\/wp\/v2\/media?parent=11901"}],"wp:term":[{"taxonomy":"category","embeddable":true,"href":"https:\/\/txellpatxotarquitectura.com\/index.php\/wp-json\/wp\/v2\/categories?post=11901"},{"taxonomy":"post_tag","embeddable":true,"href":"https:\/\/txellpatxotarquitectura.com\/index.php\/wp-json\/wp\/v2\/tags?post=11901"}],"curies":[{"name":"wp","href":"https:\/\/api.w.org\/{rel}","templated":true}]}}