{"id":11345,"date":"2024-12-17T15:19:24","date_gmt":"2024-12-17T15:19:24","guid":{"rendered":"https:\/\/txellpatxotarquitectura.com\/?p=11345"},"modified":"2024-12-17T15:19:24","modified_gmt":"2024-12-17T15:19:24","slug":"bahce","status":"publish","type":"post","link":"https:\/\/txellpatxotarquitectura.com\/index.php\/2024\/12\/17\/bahce\/","title":{"rendered":"BAH\u00c7E"},"content":{"rendered":"<p>\u200bEvsel sulardan \u200celde edilen\u2063 gri su, tar\u0131msal \u2063sulama i\u00e7in yeniden kullan\u0131labilir ve bu da tatl\u0131 su kaynaklar\u0131 \u00fczerindeki\u2062 bask\u0131y\u0131 azalt\u0131r. Ak\u0131ll\u0131\u200d sulama \u2064sistemleri \u200dile entegre edilen bu y\u00f6ntemler, su\u200b kaynaklar\u0131n\u0131n korunmas\u0131nda b\u00fcy\u00fck avantaj sa\u011flar. Ayr\u0131ca, ya\u011fmur hasad\u0131 sistemleri ile\u2064 ya\u011fmur suyu \u2062depolanarak kurak d\u00f6nemlerde kullan\u0131labilir. Su kaynaklar\u0131 y\u00f6netimi, su tahsisinin kar\u015f\u0131 kar\u015f\u0131ya oldu\u011fu mevcut ve gelecekteki sorunlara \u00e7\u00f6z\u00fcm bulmaya \u00e7al\u0131\u015fmaktad\u0131r. Devam eden iklim de\u011fi\u015fikli\u011finin olumsuz durumlara yol a\u00e7mas\u0131 muhtemeldir. Ana hedef olarak, su kayna\u011f\u0131 y\u00f6netimi, su i\u00e7in t\u00fcm kullan\u0131mlar\u0131 ve talepleri kar\u015f\u0131lamak i\u00e7in suyu e\u015fit bir temelde tahsis etmeye \u00e7al\u0131\u015f\u0131r.<\/p>\n<p>Yeralt\u0131 suyunun tarihlendirilmesinde pop\u00fclerlik kazanan ikamet s\u00fcrelerini tahmin etmenin alternatif bir y\u00f6ntemi izotopik tekniklerin kullan\u0131lmas\u0131d\u0131r. Akarken, su topra\u011fa s\u0131zabilir, havaya buharla\u015fabilir, g\u00f6llerde veya rezervuarlarda depolanabilir veya tar\u0131msal veya di\u011fer insan kullan\u0131mlar\u0131 i\u00e7in ekstrakte edilebilir. Yo\u011funluktaki \u00f6nemli fark nedeniyle, kald\u0131rma kuvveti nemli havay\u0131 daha y\u00fckse\u011fe \u00e7\u0131kar\u0131r. \u0130rtifa artt\u0131k\u00e7a hava bas\u0131nc\u0131 d\u00fc\u015fer ve s\u0131cakl\u0131k d\u00fc\u015fer (bkz. Gaz yasalar\u0131).<\/p>\n<p><h2>HAYVANCILIK<\/h2>\n<\/p>\n<ul>\n<li>Nehir vadilerinde ve ta\u015fk\u0131n yataklar\u0131nda, hiporheik b\u00f6lgedeki y\u00fczey suyu ile yeralt\u0131 suyu aras\u0131nda genellikle s\u00fcrekli su de\u011fi\u015fimi vard\u0131r.<\/li>\n<li>Toplumlar\u0131n aras\u0131ndaki e\u015fitsizlik makas\u0131, su krizinin etkileriyle beraber daha da a\u00e7\u0131l\u0131yor.<\/li>\n<li>Ana muhalefetteki Demokrat Parti ve 5 k\u00fc\u00e7\u00fck muhalefet partisinin, s\u0131k\u0131y\u00f6netim ilan\u0131n\u0131n anayasaya ayk\u0131r\u0131 oldu\u011fu gerek\u00e7esiyle Yoon&#8217;un azli i\u00e7in meclise sundu\u011fu \u00f6nerge, 7 Aral\u0131k&#8217;ta yap\u0131lan oylamada nitelikli \u00e7o\u011funlu\u011fa ula\u015f\u0131lamad\u0131\u011f\u0131 i\u00e7in reddedilmi\u015fti.<\/li>\n<li>1966 kurumsal su abonesine sahip olan \u0130zmir B\u00fcy\u00fck\u015fehir Belediyesi&#8217;nin y\u0131ll\u0131k yakla\u015f\u0131k 6 milyon metrek\u00fcp su t\u00fcketti\u011fini a\u00e7\u0131klayan \u0130ZENERJ\u0130 Y\u00f6netim Kurulu Ba\u015fkan Vekili Saadet \u00c7a\u011fl\u0131n, su t\u00fcketiminin y\u0131ll\u0131k gider b\u00fct\u00e7esindeki kar\u015f\u0131l\u0131\u011f\u0131n\u0131n da yakla\u015f\u0131k 300 milyon TL&#8217;yi buldu\u011funa dikkat \u00e7ekti.<\/li>\n<li>Bu \u00e7al\u0131\u015fman\u0131n amac\u0131, b\u00fct\u00fcn canl\u0131lar i\u00e7in vazge\u00e7ilmez bir unsur olan suyun k\u00fcresel \u0131s\u0131nma ve iklim de\u011fi\u015fikli\u011fi s\u00fcrecinde nas\u0131l krize d\u00f6n\u00fc\u015ft\u00fc\u011f\u00fcn\u00fc ve bu krizden \u00e7\u0131kmak i\u00e7in ne t\u00fcr \u00f6nerilerin sunuldu\u011funu irdelemektir.<\/li>\n<li>Tar\u0131m \u2062uygulamalar\u0131nda biyolojik \u00e7e\u015fitlili\u011fin geli\u015ftirilmesi, ekosistemlerin dayan\u0131kl\u0131l\u0131\u011f\u0131n\u0131 ve verimlili\u011fini\u200c art\u0131rman\u0131n anahtar\u0131d\u0131r.<\/li>\n<li>Hem Plato (M\u00d6 390) hem de Aristoteles (M\u00d6 350) su d\u00f6ng\u00fcs\u00fcn\u00fcn bir par\u00e7as\u0131 olarak perk\u00fclasyon hakk\u0131nda spek\u00fclasyon yapt\u0131.<\/li>\n<li>Sitemize ajanslar \u00fczerinden aktar\u0131lan haberlerin hukuki muhatab\u0131 Hamle Gazetesi de\u011fil haberi ge\u00e7en ajanst\u0131r.<\/li>\n<li>SDG6\u2019n\u0131n\u00a0amac\u0131,\u00a0g\u00fcvenli ve uygun fiyatl\u0131 i\u00e7me suyuna ve sanitasyona evrensel ve adil eri\u015fim sa\u011flamakt\u0131r.<\/li>\n<li>Bu y\u00f6ntemle, kalma s\u00fcreleri, rezervuar hacminin, suyun rezervuara girme veya \u00e7\u0131kma h\u0131z\u0131na b\u00f6l\u00fcnmesiyle hesaplan\u0131r.<\/li>\n<li>Bir\u00e7ok ara\u015ft\u0131rmada tar\u0131m yap\u0131labilir 50 cm\u2019lik bir topra\u011f\u0131n olu\u015fma s\u00fcrecinin yakla\u015f\u0131k 20 Bin y\u0131l\u0131 buldu\u011fu s\u00f6yleniyor.<\/li>\n<li>Her g\u00fcn yakla\u015f\u0131k 1,8 milyar insan temiz olmayan sular\u0131 t\u00fcketiyor ve 2,4 milyar insan temel s\u0131hhi ko\u015fullardan mahrum ya\u015f\u0131yor.<\/li>\n<\/ul>\n<p>Ba\u015fta sanayile\u015fme ve kentle\u015fmenin yol a\u00e7t\u0131\u011f\u0131 kirlenmeler nedeniyle bir\u00e7ok su kayna\u011f\u0131 kullan\u0131lamaz hale gelmi\u015ftir. Bu durum su hizmetlerinde etkin bir y\u00f6netim sisteminin olu\u015fturulmas\u0131 gerekti\u011fini g\u00f6stermektedir. Son y\u0131llarda su y\u00f6netimi alan\u0131nda \u00f6nemli geli\u015fmeler ya\u015fanmaya ba\u015flanm\u0131\u015ft\u0131r. Etkinlik ve verimlilik gibi sorunlar gerek\u00e7e g\u00f6sterilerek su hizmetlerinin \u00f6zelle\u015ftirilmesi y\u00f6n\u00fcndeki talepler, daha s\u0131k dile getirilmektedir. Bu \u00e7al\u0131\u015fman\u0131n amac\u0131, b\u00fct\u00fcn canl\u0131lar i\u00e7in vazge\u00e7ilmez bir unsur olan suyun k\u00fcresel \u0131s\u0131nma ve iklim de\u011fi\u015fikli\u011fi s\u00fcrecinde nas\u0131l krize d\u00f6n\u00fc\u015ft\u00fc\u011f\u00fcn\u00fc ve bu krizden \u00e7\u0131kmak i\u00e7in ne t\u00fcr \u00f6nerilerin sunuldu\u011funu irdelemektir. Atmosferik sirk\u00fclasyon, su buhar\u0131n\u0131 d\u00fcnya etraf\u0131nda hareket ettirir; bulut par\u00e7ac\u0131klar\u0131 \u00e7\u00f6kelme olarak b\u00fcy\u00fcr ve \u00fcst atmosfer tabakalar\u0131ndan d\u00fc\u015fer.<\/p>\n<p>Ortado\u011fu\u2019yu besleyen F\u0131rat ve Dicle Nehirleri de T\u00fcrkiye\u2019den do\u011fmaktad\u0131r. BIST isim ve logosu \u00abKoruma Marka Belgesi\u00bb alt\u0131nda korunmakta olup izinsiz kullan\u0131lamaz, iktibas edilemez, de\u011fi\u015ftirilemez. BIST ismi alt\u0131nda a\u00e7\u0131klanan t\u00fcm bilgilerin telif haklar\u0131 tamamen BIST&#8217;e ait olup, tekrar yay\u0131nlanamaz.<\/p>\n<p>Ankara\u2019da d\u00fczenlenen toplant\u0131ya Tar\u0131m Orman Bakan Yard\u0131mc\u0131s\u0131 Ebubekir Gizligider, T\u00fcrkiye Belediyeler Birli\u011fi Genel Sekreteri Suat Y\u0131ld\u0131z, Su Y\u00f6netimi Genel M\u00fcd\u00fcr\u00fc Afire Sever, MUSK\u0130 Genel M\u00fcd\u00fcr Yard\u0131mc\u0131s\u0131 Nuri Kali ile \u0130ZSU Genel M\u00fcd\u00fcr\u00fc G\u00fcrkan Erdo\u011fan kat\u0131ld\u0131. Su Y\u00f6netimi ve Ar\u0131t\u0131m Teknolojileri Ara\u015ft\u0131rma Grubu taraf\u0131ndan, Tar\u0131m ve Orman Bakanl\u0131\u011f\u0131, \u00c7evre \u015eehircilik ve \u0130klim De\u011fi\u015fikli\u011fi Bakanl\u0131\u011f\u0131 ve B\u00fcy\u00fck\u015fehir Belediyeleri ba\u015fta olmak \u00fczere <a href=\"https:\/\/irfanbereketi.com\/\">https:\/\/irfanbereketi.com\/<\/a> \u00e7ok say\u0131da ulusal ve uluslar aras\u0131 kurumla ortak \u00e7al\u0131\u015fmalar y\u00fcr\u00fct\u00fclmektedir. T\u00fcrkiye orman varl\u0131\u011f\u0131 22 milyon 740 bin 297 hektar ile \u00fclke y\u00fcz\u00f6l\u00e7\u00fcm\u00fcn\u00fcn y\u00fczde&nbsp;29\u2019udur. Bu alan i\u00e7erisinde normal kapal\u0131 orman alan\u0131 13 milyon 83 bin 510 hektar ile toplam ormanl\u0131k alan\u0131n\u0131n y\u00fczde&nbsp;58\u2019ini, bo\u015fluklu kapal\u0131 orman alan\u0131 ise 9 milyon 659 bin 787 hektar ile toplam ormanl\u0131k alan\u0131n y\u00fczde 42\u2019sini olu\u015fturmaktad\u0131r. \u00c7imsa bug\u00fcn yurt i\u00e7inde Mersin, Eski\u015fehir ve Afyonkarahisar\u2019da bulunan 3 entegre \u00e7imento fabrikas\u0131&nbsp;ve yurt d\u0131\u015f\u0131nda \u0130spanya Valensiya\u2019da bulunan Bu\u00f1ol Beyaz \u00c7imento Fabrikas\u0131 ile \u00fcretim faaliyetlerini&nbsp;y\u00fcr\u00fct\u00fcyor.<\/p>\n<p>Bitki \u00f6rt\u00fcs\u00fcn\u00fcn tahribat\u0131 sonucunda, yo\u011fun ya\u011f\u0131\u015flarda Kar\u015f\u0131yaka sel riskiyle kar\u015f\u0131 kar\u015f\u0131ya. \u0130zmir B\u00fcy\u00fck\u015fehir Belediyesi ve \u0130ZSU ile birlikte gerekli \u00f6nlemlerin al\u0131nmas\u0131 i\u00e7in i\u015f birli\u011fi i\u00e7inde \u00e7al\u0131\u015fmalar\u0131m\u0131z\u0131 s\u00fcrd\u00fcr\u00fcyoruz. Kentimizde \u0130zmir&#8217;in iklimine uygun bitkiler kullan\u0131yor ve parklar\u0131m\u0131zda hayata ge\u00e7irdi\u011fimiz otomatik sulama sistemleriyle su ve enerjiyi daha verimli kullan\u0131yoruz. Projelerimizde ya\u011fmur hendekleri, ta\u015fk\u0131n parklar\u0131 planl\u0131yoruz ancak biliyoruz ki bu sadece bir ba\u015flang\u0131\u00e7. K\u0131rsaldan kente uzanan, da\u011flardan denizlere kadar b\u00fct\u00fcnc\u00fcl \u00e7\u00f6z\u00fcmler \u00fcretmek zorunday\u0131z. Bu panelin Kar\u015f\u0131yaka ve \u0130zmir i\u00e7in daha s\u00fcrd\u00fcr\u00fclebilir bir gelecek ad\u0131na \u00f6nemli bir ad\u0131m olaca\u011f\u0131na inan\u0131yorum.<\/p>\n<p><h3>WATER MANAGEMENT AND WOOD SUSTAINABILITY<\/h3>\n<\/p>\n<p>S\u0131k\u0131y\u00f6netim ilan\u0131n\u0131n ard\u0131ndan Savunma Bakanl\u0131\u011f\u0131, ordudaki komutanlara toplant\u0131 talimat\u0131 verip teyakkuzda olunmas\u0131 \u00e7a\u011fr\u0131s\u0131 yapm\u0131\u015ft\u0131. \u00d6te yandan \u00abs\u0131k\u0131y\u00f6netim birlikleri\u00bb olarak g\u00f6revlendirilen askerlerin Ulusal Meclise girdi\u011fi bildirilmi\u015fti. Park, s\u0131k\u0131y\u00f6netim ilan\u0131nda Devlet Ba\u015fkan\u0131 Yoon Suk Yeol taraf\u0131ndan \u00abs\u0131k\u0131y\u00f6netim komutan\u0131\u00bb olarak atanm\u0131\u015f ve sonras\u0131nda \u00fclkedeki t\u00fcm siyasi faaliyetleri yasaklayan s\u0131k\u0131y\u00f6netim emri, Park&#8217;\u0131n imzas\u0131yla yay\u0131mlanm\u0131\u015ft\u0131.<\/p>\n<p>Bu uygulamalar\u0131n \u200detkin \u015fekilde y\u00fcr\u00fct\u00fclmesi \u2064i\u00e7in, \u00e7ift\u00e7ilerin b\u00f6lgenin iklim ve\u200d toprak \u200dko\u015fullar\u0131na uygun \u200bt\u00fcrleri se\u00e7meleri \u00f6nemlidir. \u00c7imento ve beton end\u00fcstrisi su krizine dair risklerin azalt\u0131lmas\u0131 kanal\u0131yla yerel payda\u015f ili\u015fkilerine de fayda sa\u011flayabilecek bir su y\u00f6netimi stratejisini tan\u0131mlamay\u0131 \u00f6ncelik olarak g\u00f6rmektedir. Bu kapsamda \u00f6zellikle su stresi olan alanlara odaklanarak \u00e7ekilen su miktarlar\u0131 ve de\u015farj edilen suyun kalitesinin y\u00f6netilmesi planlanmal\u0131d\u0131r. Bunun ilk ad\u0131m\u0131 ise \u00fcretim sahalar\u0131nda suyun ak\u0131\u015f \u015femas\u0131na h\u00e2kim olmakt\u0131r. D\u00fcnyada var olan bu su krizi n\u00fcfusunun %40\u02bc\u0131n\u0131 etkiliyor ve bu oran\u0131n gelecekte artaca\u011f\u0131 tahmin ediliyor. Temiz suya ve s\u0131hhi ko\u015fullara eri\u015fim bir insan hakk\u0131 ancak milyarlarca insan hala en temel hizmetlere eri\u015fimden bile mahrum ya\u015f\u0131yor.<\/p>\n<p>Art\u0131k d\u00fcnyan\u0131n su kaynaklar\u0131n\u0131 y\u00f6netme ve milyarlarca insana su ve sanitasyon hizmetleri sunma \u015feklini de\u011fi\u015ftirmeye her zamankinden daha fazla ihtiyac\u0131 var. D\u00fcnyadaki t\u00fcm \u00fclkeleri sosyal, ekonomik ve \u00e7evresel olarak etkiledi\u011fi i\u00e7in bu k\u00fcresel krizin a\u015f\u0131lmas\u0131 ad\u0131na acilen harekete ge\u00e7ilmesi gerekiyor. (\u0130ZM\u0130R) &#8211; \u0130zmir B\u00fcy\u00fck\u015fehir Belediyesi, iklim krizinin de tehdit etti\u011fi su kaynaklar\u0131n\u0131n verimli kullan\u0131lmas\u0131 i\u00e7in S\u00fcrd\u00fcr\u00fclebilir Enerji ve \u0130klim Eylem Plan\u0131 kapsam\u0131nda \u00e7al\u0131\u015fmalar\u0131n\u0131 h\u0131zland\u0131rd\u0131. Y\u0131ll\u0131k yakla\u015f\u0131k 6 milyon metrek\u00fcp su kullanan B\u00fcy\u00fck\u015fehir Belediyesi, kurumsal su ayak izi ile karbon ayak izini azaltmak amac\u0131yla Su ve Enerji Y\u00f6netimi \u015eefli\u011fi kurdu.<\/p>\n<p>\u00dclkemizde tabii \u00e7\u00f6l yok ancak co\u011frafi konum, iklim, topografya ve toprak \u015fartlar\u0131 g\u00f6z \u00f6n\u00fcne al\u0131nd\u0131\u011f\u0131nda&nbsp; arazi tahribat\u0131na ve kurakl\u0131\u011fa kar\u015f\u0131 hassasiyeti y\u00fcksek bir \u00fclkeyiz. Su y\u00f6netimi, ihtiya\u00e7 ve talepleri dikkate alarak, kaynaklar\u0131n optimum yararl\u0131 kullan\u0131mlar\u0131n\u0131 sa\u011flayacak ve kaynaklara olan olumsuz etkileri kontrol alt\u0131na alacak politika geli\u015ftirme, planlama, izleme, denetim, yapt\u0131r\u0131m ve iyile\u015ftirme faaliyetlerinin b\u00fct\u00fcn\u00fcd\u00fcr. Ana muhalefetteki Demokrat Parti ve 5 k\u00fc\u00e7\u00fck muhalefet partisinin, s\u0131k\u0131y\u00f6netim ilan\u0131n\u0131n anayasaya ayk\u0131r\u0131 oldu\u011fu gerek\u00e7esiyle Yoon&#8217;un azli i\u00e7in meclise sundu\u011fu \u00f6nerge, 7 Aral\u0131k&#8217;ta yap\u0131lan oylamada nitelikli \u00e7o\u011funlu\u011fa ula\u015f\u0131lamad\u0131\u011f\u0131 i\u00e7in reddedilmi\u015fti. Bir rezervuar\u0131n hidrolojik d\u00f6ng\u00fc i\u00e7erisinde kalma s\u00fcresi, su k\u00fctlesinin kendi suyunu yenileme s\u00fcresi, bir su molek\u00fcl\u00fcn\u00fcn bu rezervuarda ge\u00e7irece\u011fi ortalama s\u00fcredir (biti\u015fik tabloya bak\u0131n\u0131z). Suyun atmosferde dola\u015f\u0131m\u0131.[9] Adveksiyon olmadan, okyanuslar \u00fczerinde buharla\u015fan su karada \u00e7\u00f6kelemez. Kar\u015f\u0131yaka Belediyesi, ge\u00e7en yaz Yamanlar Da\u011f\u0131\u2019nda meydana gelen orman yang\u0131n\u0131n\u0131n binlerce a\u011faca zarar vermesi nedeniyle ba\u015f g\u00f6steren sel ve ta\u015fk\u0131n risklerine kar\u015f\u0131, Slovakya\u2019dan uzmanlar\u0131n kat\u0131l\u0131m\u0131yla panel d\u00fczenledi.<\/p>\n<p>Suyun s\u00fcrd\u00fcr\u00fclebilir kullan\u0131m\u0131 tart\u0131\u015f\u0131larak, su y\u00f6netiminey\u00f6nelik \u00f6neriler verilmi\u015ftir. T\u00fcrkiye\u2019nin y\u00fczde 22,5\u2019i y\u00fcksek \u00e7\u00f6lle\u015fme, y\u00fczde 50,9\u2019unun ise orta d\u00fczeyde \u00e7\u00f6lle\u015fme hassasiyetine sahip . \u00abEkolojik olarak hassas olan alanlar\u0131m\u0131zda bitki \u00f6rt\u00fcs\u00fcn\u00fcn tahribiyle tabii dengenin bozulmas\u0131, toprak ve ana materyalin a\u015f\u0131nmas\u0131na yol a\u00e7maktad\u0131r.<\/p>\n<p><h4>Slovakya&#8217;dan uzmanlarla &#8216;Su Y\u00f6netimi&#8217; zirvesi<\/h4>\n<\/p>\n<ul>\n<li>Uzmanlar \u00e7\u00f6lle\u015fme ve kurakl\u0131\u011f\u0131n\u00a0 10 y\u0131l i\u00e7inde 50 milyon ki\u015fiyi g\u00f6\u00e7e zorlayabilece\u011fini ileri s\u00fcr\u00fcyor.<\/li>\n<li>Bitki \u00f6rt\u00fcs\u00fcn\u00fcn tahribat\u0131 sonucunda, yo\u011fun ya\u011f\u0131\u015flarda Kar\u015f\u0131yaka sel riskiyle kar\u015f\u0131 kar\u015f\u0131ya.<\/li>\n<li>Ayr\u0131ca, erozyon ve sedimantasyon gibi s\u00fcre\u00e7lerle D\u00fcnya&#8217;n\u0131n jeolojik \u00f6zelliklerinin yeniden \u015fekillendirilmesinde rol oynar.<\/li>\n<li>Su y\u00f6netimi konusunda Birle\u015fmi\u015f Milletler (BM) bir\u00e7ok program\u0131 ve kurumu ile birlikte en etkin rol\u00fc \u00fcstlenmi\u015f durumdad\u0131r.<\/li>\n<li>Dahas\u0131 su ekosistemlerini, biyolojik \u00e7e\u015fitlili\u011fi korunabilir, iklim de\u011fi\u015fikli\u011fi ile m\u00fccadele alan\u0131nda ad\u0131m at\u0131labilir.<\/li>\n<li>Yeralt\u0131 suyu y\u00fczeye d\u00f6nebilir (\u00f6rne\u011fin kaynak olarak veya pompalanarak) veya sonunda okyanuslara s\u0131zabilir.<\/li>\n<li>T\u00fcrkiye, kara s\u0131n\u0131rlar\u0131n\u0131n yakla\u015f\u0131k d\u00f6rtte biri s\u0131n\u0131rolu\u015fturan nehirler taraf\u0131ndan olu\u015fturulan ve su potansiyelinin %35\u2019i s\u0131n\u0131ra\u015fan su havzalar\u0131ndan kaynaklanan Jeopolitik \u00f6neme sahip bir \u00fclkedir.<\/li>\n<li>\u0130nsan kaynakl\u0131 faaliyetler sonucu ortaya \u00e7\u0131kan at\u0131k sular\u0131n %80\u02bci ar\u0131t\u0131lmadan nehir ve denizlere ak\u0131t\u0131l\u0131yor.<\/li>\n<li>Bir rezervuar\u0131n hidrolojik d\u00f6ng\u00fc i\u00e7erisinde kalma s\u00fcresi, su k\u00fctlesinin kendi suyunu yenileme s\u00fcresi, bir su molek\u00fcl\u00fcn\u00fcn bu rezervuarda ge\u00e7irece\u011fi ortalama s\u00fcredir (biti\u015fik tabloya bak\u0131n\u0131z).<\/li>\n<li>K\u00fcresel s\u00fcrd\u00fcr\u00fclebilirlik uygulamalar\u0131n\u0131n \u00f6nemli maddelerinden biri su y\u00f6netimidir.<\/li>\n<li>D\u00f6ng\u00fcn\u00fcn buharla\u015fma a\u015famas\u0131 suyu ar\u0131nd\u0131r\u0131r ve daha sonra topra\u011f\u0131 tatl\u0131 su ile doldurur.<\/li>\n<\/ul>\n<p>Su y\u00f6netimi, do\u011fal ekosistemi etkiledi\u011fi kadar; sa\u011fl\u0131k, g\u0131da \u00fcretimi ve g\u00fcvenli\u011fi, evsel su sa\u011flanmas\u0131 ve hijyeni, enerji ve sanayi a\u00e7\u0131s\u0131ndan toplumu ve ekonomiyi de etkilemektedir. Bu nedenle, su y\u00f6netim s\u00fcrecinde suyun t\u00fcm kullan\u0131m \u015fekilleri, sekt\u00f6rler ve bunlar\u0131n aras\u0131ndaki ili\u015fkilerin birlikte d\u00fc\u015f\u00fcn\u00fclmesi gerekir. Suyun \u00e7evreyle uyumlu ve entegre y\u00f6netimi, s\u00fcrd\u00fcr\u00fclebilir kalk\u0131nman\u0131n yap\u0131ta\u015flar\u0131ndand\u0131r. \u015eekil 1\u2019de su y\u00f6netimi i\u00e7in kullan\u0131lan \u00f6rnek bir sistem modeli verilmi\u015ftir. Bu riski azaltman\u0131nyolu mevcut kaynaklar\u0131n verimli kullan\u0131lmas\u0131ndan ve suyun y\u00f6netilmesindenge\u00e7mektedir. Sonras\u0131nda ise \u0130zmir Katip \u00c7elebi \u00dcniversitesi Orman Fak\u00fcltesi akademisyenleri Prof. Dr. Cenk Durmu\u015fkahya, Dr. \u00d6\u011fr.<\/p>\n<p>Haber ajanslar\u0131 taraf\u0131ndan servis edilen t\u00fcm haberler Hamle Gazetesi edit\u00f6rlerinin hi\u00e7bir edit\u00f6ryel m\u00fcdahalesi olmadan, ajans kanallar\u0131ndan geldi\u011fi \u015fekliyle yay\u0131nlanmaktad\u0131r. Sitemize ajanslar \u00fczerinden aktar\u0131lan haberlerin hukuki muhatab\u0131 Hamle Gazetesi de\u011fil haberi ge\u00e7en ajanst\u0131r. Alan\u0131nda uzman bilim adamlar\u0131 taraf\u0131ndan bu konular hakk\u0131nda detayl\u0131 sunumlar ger\u00e7ekle\u015ftirildi. Toplant\u0131n\u0131n ard\u0131ndan g\u00f6r\u00fc\u015f ve de\u011ferlendirmeler yap\u0131l\u0131rken MUSK\u0130 Genel M\u00fcd\u00fcrl\u00fc ile \u0130ZSU Genel M\u00fcd\u00fcrl\u00fc\u011f\u00fc aras\u0131nda\u2018Su Karde\u015fli\u011fi\u2019 Protokol\u00fc imzaland\u0131. Tar\u0131m ve Orman Bakanl\u0131\u011f\u0131 koordinesinde \u2018Kaynaktan Muslu\u011fa Su Y\u00f6netimi\u2019 konulu program d\u00fczenlendi.<\/p>\n<p>Yakla\u015f\u0131k M\u00d6 500 y\u0131l\u0131na gelindi\u011finde, Yunan akademisyenler nehirlerdeki suyun b\u00fcy\u00fck k\u0131sm\u0131n\u0131n ya\u011fmura atfedilebilece\u011fini d\u00fc\u015f\u00fcn\u00fcyorlard\u0131. Ancak bu akademisyenler, yery\u00fcz\u00fcnden y\u00fckselen suyun nehirlere b\u00fcy\u00fck katk\u0131da bulundu\u011fu inanc\u0131n\u0131 s\u00fcrd\u00fcrd\u00fcler. Hem Plato (M\u00d6 390) hem de Aristoteles (M\u00d6 350) su d\u00f6ng\u00fcs\u00fcn\u00fcn bir par\u00e7as\u0131 olarak perk\u00fclasyon hakk\u0131nda spek\u00fclasyon yapt\u0131. \u0130zmir B\u00fcy\u00fck\u015fehir Belediyesi ve \u0130ZENERJ\u0130 A\u015e h\u0131zla azalan su kaynaklar\u0131n\u0131 korumak i\u00e7in \u00f6nemli bir \u00e7al\u0131\u015fma ba\u015flatt\u0131. S\u00fcrd\u00fcr\u00fclebilir Enerji ve \u0130klim Eylem Plan\u0131 kapsam\u0131nda \u00e7al\u0131\u015fmalar\u0131na h\u0131z kazand\u0131ran B\u00fcy\u00fck\u015fehir Belediyesi; \u0130klim De\u011fi\u015fikli\u011fi ve S\u0131f\u0131r At\u0131k Dairesi Ba\u015fkanl\u0131\u011f\u0131&#8217;na ba\u011fl\u0131 \u0130klim De\u011fi\u015fikli\u011fi ve Temiz Enerji M\u00fcd\u00fcrl\u00fc\u011f\u00fc b\u00fcnyesinde Su ve Enerji Y\u00f6netimi \u015eefli\u011fi kurdu. Ekipler, ba\u015fta su t\u00fcketimi olmak \u00fczere elektrik, do\u011fal gaz ve akaryak\u0131t t\u00fcketimlerini kay\u0131t alt\u0131na alarak, bu t\u00fcketimlerin analizini \u00e7\u0131karmaya ba\u015flad\u0131.<\/p>\n<p>Bu durum T\u00fcrkiye\u2019nin b\u00fct\u00fcn b\u00f6lgelerinde, arazi bozulumu dolay\u0131s\u0131yla \u00e7\u00f6lle\u015fmeye yol a\u00e7maktad\u0131r. Devlet Ba\u015fkan\u0131 Yoon, 3 Aral\u0131k gecesi televizyonda yapt\u0131\u011f\u0131 konu\u015fmada, \u00abmuhalefetin devlet kar\u015f\u0131t\u0131 aktivitelere kar\u0131\u015ft\u0131\u011f\u0131\u00bb gerek\u00e7esiyle s\u0131k\u0131y\u00f6netim ilan etmi\u015f ancak parlamentonun, yapt\u0131\u011f\u0131 oylamada karar\u0131 kald\u0131rmas\u0131 ve ard\u0131ndan bunun Bakanlar Kurulunda onaylanmas\u0131yla geri ad\u0131m atm\u0131\u015ft\u0131. Eski zamanlarda, kara k\u00fctlesinin bir su k\u00fctlesi \u00fczerinde y\u00fczd\u00fc\u011f\u00fc ve nehirlerdeki suyun \u00e7o\u011funun k\u00f6keni toprak alt\u0131nda oldu\u011fu yayg\u0131n olarak d\u00fc\u015f\u00fcn\u00fclm\u00fc\u015ft\u00fcr. Bu inanc\u0131n \u00f6rnekleri Homer&#8217;in (M\u00d6 800 dolaylar\u0131nda) eserlerinde bulunabilir.<\/p>\n<p>Eskiden her yerde oldu\u011fu gibi bu su, ya\u011fmur olarak topra\u011fa d\u00fc\u015f\u00fcyordu, bitkilere can veriyordu ve buharla\u015f\u0131yordu. Biz bu su d\u00f6ng\u00fcs\u00fc i\u00e7inde su kayb\u0131n\u0131n m\u00fcmk\u00fcn oldu\u011funca \u00f6n\u00fcne ge\u00e7mek i\u00e7in, suyu tutarak canl\u0131l\u0131\u011f\u0131 art\u0131racak; iklim krizi ve afetler kar\u015f\u0131s\u0131nda da etkili olacak y\u00f6ntemler \u00fczerinde \u00e7al\u0131\u015f\u0131yoruz. \u00c7e\u015fitli y\u00f6ntemler var ve bu y\u00f6ntemleri konu\u015farak Kar\u015f\u0131yaka i\u00e7in bunlardan hangilerinin uygun olabilece\u011fini, uyumlu olabilece\u011fini \u015fehrin \u00f6zelliklerini de g\u00f6z \u00f6n\u00fcnde bulundurarak de\u011ferlendirece\u011fiz\u00bb dedi. Daha sa\u011fl\u0131kl\u0131 bir \u200c\u00e7evre ve\u2063 s\u00fcrd\u00fcr\u00fclebilir bir tar\u0131m\u2062 i\u00e7in su kaynaklar\u0131n\u0131n korunmas\u0131 b\u00fcy\u00fck \u00f6nem ta\u015f\u0131maktad\u0131r. Bu makalede bahsedilen y\u00f6ntemler, tar\u0131m prati\u011finde daha etkili su\u2063 y\u00f6netimi sa\u011flayarak ekosistemimizin devaml\u0131l\u0131\u011f\u0131n\u0131 \u2062sa\u011flamak ad\u0131na at\u0131lmas\u0131 \u2064gereken \u2064ad\u0131mlar\u0131 a\u00e7\u0131klamaktad\u0131r.<\/p>\n<p>ALANYA Belediyesi s\u00fcrd\u00fcr\u00fclebilir \u00e7evre \u00e7al\u0131\u015fmalar\u0131na h\u0131z vermek amac\u0131yla kentin \u00e7evre politikalar\u0131n\u0131n olu\u015fturulmas\u0131 i\u00e7in odak gruplar ile bir araya gelinmesi, \u00e7evre sorunlar\u0131n\u0131n b\u00fct\u00fcnc\u00fcl olarak tespit edilmesi ve \u00e7\u00f6z\u00fcm \u00f6nerilerinin geli\u015ftirilmesi i\u00e7in bir dizi arama konferans\u0131 ve \u00e7al\u0131\u015ftay planlad\u0131. S\u00f6z konusu akademik \u00e7al\u0131\u015fmalar\u0131n raporlanmas\u0131 ve modere edilmesi s\u00fcrecinde Alanya \u00dcniversitesi ile akademik i\u015f birli\u011fi yap\u0131lmas\u0131 karar\u0131 al\u0131nd\u0131. Panelin \u2018Yerel Organizasyon Sunumlar\u0131\u2019 ba\u015fl\u0131kl\u0131 oturumunda \u0130ZSU Kanalizasyon Daire Ba\u015fkan\u0131 Ferit \u00c7a\u011flar ta\u015fk\u0131n y\u00f6netimi, Ege Orman Vakf\u0131 Genel M\u00fcd\u00fcr Yard\u0131mc\u0131s\u0131 Yasemen Bilgili ise orman yang\u0131nlar\u0131n\u0131n erozyon ve sel \u00fczerindeki etkileri konular\u0131nda sunum ger\u00e7ekle\u015ftirdi. Bir\u00e7ok ara\u015ft\u0131rmada tar\u0131m yap\u0131labilir 50 cm\u2019lik bir topra\u011f\u0131n olu\u015fma s\u00fcrecinin yakla\u015f\u0131k 20 Bin y\u0131l\u0131 buldu\u011fu s\u00f6yleniyor.<\/p>\n","protected":false},"excerpt":{"rendered":"<p>\u200bEvsel sulardan \u200celde edilen\u2063 gri su, tar\u0131msal \u2063sulama i\u00e7in yeniden kullan\u0131labilir ve bu da tatl\u0131 su kaynaklar\u0131 \u00fczerindeki\u2062 bask\u0131y\u0131 azalt\u0131r. Ak\u0131ll\u0131\u200d sulama \u2064sistemleri \u200dile entegre edilen bu y\u00f6ntemler, su\u200b kaynaklar\u0131n\u0131n korunmas\u0131nda b\u00fcy\u00fck avantaj sa\u011flar. Ayr\u0131ca, ya\u011fmur hasad\u0131 sistemleri ile\u2064 ya\u011fmur suyu \u2062depolanarak kurak d\u00f6nemlerde kullan\u0131labilir. Su kaynaklar\u0131 y\u00f6netimi, su tahsisinin kar\u015f\u0131 kar\u015f\u0131ya oldu\u011fu mevcut ve [&hellip;]<\/p>\n","protected":false},"author":1,"featured_media":0,"comment_status":"open","ping_status":"open","sticky":false,"template":"","format":"standard","meta":{"footnotes":""},"categories":[8],"tags":[175],"class_list":["post-11345","post","type-post","status-publish","format-standard","hentry","category-uncategorized","tag-tarim"],"yoast_head":"<!-- This site is optimized with the Yoast SEO plugin v27.4 - https:\/\/yoast.com\/product\/yoast-seo-wordpress\/ -->\n<title>BAH\u00c7E - Txell Patxot. Arquitectura y dise\u00f1o<\/title>\n<meta name=\"robots\" content=\"index, follow, max-snippet:-1, max-image-preview:large, max-video-preview:-1\" \/>\n<link rel=\"canonical\" href=\"https:\/\/txellpatxotarquitectura.com\/index.php\/2024\/12\/17\/bahce\/\" \/>\n<meta property=\"og:locale\" content=\"es_ES\" \/>\n<meta property=\"og:type\" content=\"article\" \/>\n<meta property=\"og:title\" content=\"BAH\u00c7E - Txell Patxot. Arquitectura y dise\u00f1o\" \/>\n<meta property=\"og:description\" content=\"\u200bEvsel sulardan \u200celde edilen\u2063 gri su, tar\u0131msal \u2063sulama i\u00e7in yeniden kullan\u0131labilir ve bu da tatl\u0131 su kaynaklar\u0131 \u00fczerindeki\u2062 bask\u0131y\u0131 azalt\u0131r. Ak\u0131ll\u0131\u200d sulama \u2064sistemleri \u200dile entegre edilen bu y\u00f6ntemler, su\u200b kaynaklar\u0131n\u0131n korunmas\u0131nda b\u00fcy\u00fck avantaj sa\u011flar. Ayr\u0131ca, ya\u011fmur hasad\u0131 sistemleri ile\u2064 ya\u011fmur suyu \u2062depolanarak kurak d\u00f6nemlerde kullan\u0131labilir. Su kaynaklar\u0131 y\u00f6netimi, su tahsisinin kar\u015f\u0131 kar\u015f\u0131ya oldu\u011fu mevcut ve [&hellip;]\" \/>\n<meta property=\"og:url\" content=\"https:\/\/txellpatxotarquitectura.com\/index.php\/2024\/12\/17\/bahce\/\" \/>\n<meta property=\"og:site_name\" content=\"Txell Patxot. Arquitectura y dise\u00f1o\" \/>\n<meta property=\"article:published_time\" content=\"2024-12-17T15:19:24+00:00\" \/>\n<meta name=\"author\" content=\"txellpatxotarquitectura.com\" \/>\n<meta name=\"twitter:card\" content=\"summary_large_image\" \/>\n<meta name=\"twitter:label1\" content=\"Escrito por\" \/>\n\t<meta name=\"twitter:data1\" content=\"txellpatxotarquitectura.com\" \/>\n\t<meta name=\"twitter:label2\" content=\"Tiempo de lectura\" \/>\n\t<meta name=\"twitter:data2\" content=\"14 minutos\" \/>\n<script type=\"application\/ld+json\" class=\"yoast-schema-graph\">{\"@context\":\"https:\\\/\\\/schema.org\",\"@graph\":[{\"@type\":\"Article\",\"@id\":\"https:\\\/\\\/txellpatxotarquitectura.com\\\/index.php\\\/2024\\\/12\\\/17\\\/bahce\\\/#article\",\"isPartOf\":{\"@id\":\"https:\\\/\\\/txellpatxotarquitectura.com\\\/index.php\\\/2024\\\/12\\\/17\\\/bahce\\\/\"},\"author\":{\"name\":\"txellpatxotarquitectura.com\",\"@id\":\"https:\\\/\\\/txellpatxotarquitectura.com\\\/#\\\/schema\\\/person\\\/c5713e5b533363c36ffee7ddb4102d49\"},\"headline\":\"BAH\u00c7E\",\"datePublished\":\"2024-12-17T15:19:24+00:00\",\"mainEntityOfPage\":{\"@id\":\"https:\\\/\\\/txellpatxotarquitectura.com\\\/index.php\\\/2024\\\/12\\\/17\\\/bahce\\\/\"},\"wordCount\":2885,\"commentCount\":0,\"keywords\":[\"TARIM\"],\"articleSection\":[\"Uncategorized\"],\"inLanguage\":\"es\",\"potentialAction\":[{\"@type\":\"CommentAction\",\"name\":\"Comment\",\"target\":[\"https:\\\/\\\/txellpatxotarquitectura.com\\\/index.php\\\/2024\\\/12\\\/17\\\/bahce\\\/#respond\"]}]},{\"@type\":\"WebPage\",\"@id\":\"https:\\\/\\\/txellpatxotarquitectura.com\\\/index.php\\\/2024\\\/12\\\/17\\\/bahce\\\/\",\"url\":\"https:\\\/\\\/txellpatxotarquitectura.com\\\/index.php\\\/2024\\\/12\\\/17\\\/bahce\\\/\",\"name\":\"BAH\u00c7E - Txell Patxot. Arquitectura y dise\u00f1o\",\"isPartOf\":{\"@id\":\"https:\\\/\\\/txellpatxotarquitectura.com\\\/#website\"},\"datePublished\":\"2024-12-17T15:19:24+00:00\",\"author\":{\"@id\":\"https:\\\/\\\/txellpatxotarquitectura.com\\\/#\\\/schema\\\/person\\\/c5713e5b533363c36ffee7ddb4102d49\"},\"breadcrumb\":{\"@id\":\"https:\\\/\\\/txellpatxotarquitectura.com\\\/index.php\\\/2024\\\/12\\\/17\\\/bahce\\\/#breadcrumb\"},\"inLanguage\":\"es\",\"potentialAction\":[{\"@type\":\"ReadAction\",\"target\":[\"https:\\\/\\\/txellpatxotarquitectura.com\\\/index.php\\\/2024\\\/12\\\/17\\\/bahce\\\/\"]}]},{\"@type\":\"BreadcrumbList\",\"@id\":\"https:\\\/\\\/txellpatxotarquitectura.com\\\/index.php\\\/2024\\\/12\\\/17\\\/bahce\\\/#breadcrumb\",\"itemListElement\":[{\"@type\":\"ListItem\",\"position\":1,\"name\":\"Portada\",\"item\":\"https:\\\/\\\/txellpatxotarquitectura.com\\\/\"},{\"@type\":\"ListItem\",\"position\":2,\"name\":\"BAH\u00c7E\"}]},{\"@type\":\"WebSite\",\"@id\":\"https:\\\/\\\/txellpatxotarquitectura.com\\\/#website\",\"url\":\"https:\\\/\\\/txellpatxotarquitectura.com\\\/\",\"name\":\"Txell Patxot. Arquitectura y dise\u00f1o\",\"description\":\"\",\"potentialAction\":[{\"@type\":\"SearchAction\",\"target\":{\"@type\":\"EntryPoint\",\"urlTemplate\":\"https:\\\/\\\/txellpatxotarquitectura.com\\\/?s={search_term_string}\"},\"query-input\":{\"@type\":\"PropertyValueSpecification\",\"valueRequired\":true,\"valueName\":\"search_term_string\"}}],\"inLanguage\":\"es\"},{\"@type\":\"Person\",\"@id\":\"https:\\\/\\\/txellpatxotarquitectura.com\\\/#\\\/schema\\\/person\\\/c5713e5b533363c36ffee7ddb4102d49\",\"name\":\"txellpatxotarquitectura.com\",\"image\":{\"@type\":\"ImageObject\",\"inLanguage\":\"es\",\"@id\":\"https:\\\/\\\/secure.gravatar.com\\\/avatar\\\/b0c9f649e13ff6fa5d2b637e4cb4ef183eabc366116840fee0aa9a9e66b30001?s=96&d=mm&r=g\",\"url\":\"https:\\\/\\\/secure.gravatar.com\\\/avatar\\\/b0c9f649e13ff6fa5d2b637e4cb4ef183eabc366116840fee0aa9a9e66b30001?s=96&d=mm&r=g\",\"contentUrl\":\"https:\\\/\\\/secure.gravatar.com\\\/avatar\\\/b0c9f649e13ff6fa5d2b637e4cb4ef183eabc366116840fee0aa9a9e66b30001?s=96&d=mm&r=g\",\"caption\":\"txellpatxotarquitectura.com\"},\"sameAs\":[\"https:\\\/\\\/txellpatxotarquitectura.com\"],\"url\":\"https:\\\/\\\/txellpatxotarquitectura.com\\\/index.php\\\/author\\\/txellpatxotarquitectura-com\\\/\"}]}<\/script>\n<!-- \/ Yoast SEO plugin. -->","yoast_head_json":{"title":"BAH\u00c7E - Txell Patxot. Arquitectura y dise\u00f1o","robots":{"index":"index","follow":"follow","max-snippet":"max-snippet:-1","max-image-preview":"max-image-preview:large","max-video-preview":"max-video-preview:-1"},"canonical":"https:\/\/txellpatxotarquitectura.com\/index.php\/2024\/12\/17\/bahce\/","og_locale":"es_ES","og_type":"article","og_title":"BAH\u00c7E - Txell Patxot. Arquitectura y dise\u00f1o","og_description":"\u200bEvsel sulardan \u200celde edilen\u2063 gri su, tar\u0131msal \u2063sulama i\u00e7in yeniden kullan\u0131labilir ve bu da tatl\u0131 su kaynaklar\u0131 \u00fczerindeki\u2062 bask\u0131y\u0131 azalt\u0131r. Ak\u0131ll\u0131\u200d sulama \u2064sistemleri \u200dile entegre edilen bu y\u00f6ntemler, su\u200b kaynaklar\u0131n\u0131n korunmas\u0131nda b\u00fcy\u00fck avantaj sa\u011flar. Ayr\u0131ca, ya\u011fmur hasad\u0131 sistemleri ile\u2064 ya\u011fmur suyu \u2062depolanarak kurak d\u00f6nemlerde kullan\u0131labilir. Su kaynaklar\u0131 y\u00f6netimi, su tahsisinin kar\u015f\u0131 kar\u015f\u0131ya oldu\u011fu mevcut ve [&hellip;]","og_url":"https:\/\/txellpatxotarquitectura.com\/index.php\/2024\/12\/17\/bahce\/","og_site_name":"Txell Patxot. Arquitectura y dise\u00f1o","article_published_time":"2024-12-17T15:19:24+00:00","author":"txellpatxotarquitectura.com","twitter_card":"summary_large_image","twitter_misc":{"Escrito por":"txellpatxotarquitectura.com","Tiempo de lectura":"14 minutos"},"schema":{"@context":"https:\/\/schema.org","@graph":[{"@type":"Article","@id":"https:\/\/txellpatxotarquitectura.com\/index.php\/2024\/12\/17\/bahce\/#article","isPartOf":{"@id":"https:\/\/txellpatxotarquitectura.com\/index.php\/2024\/12\/17\/bahce\/"},"author":{"name":"txellpatxotarquitectura.com","@id":"https:\/\/txellpatxotarquitectura.com\/#\/schema\/person\/c5713e5b533363c36ffee7ddb4102d49"},"headline":"BAH\u00c7E","datePublished":"2024-12-17T15:19:24+00:00","mainEntityOfPage":{"@id":"https:\/\/txellpatxotarquitectura.com\/index.php\/2024\/12\/17\/bahce\/"},"wordCount":2885,"commentCount":0,"keywords":["TARIM"],"articleSection":["Uncategorized"],"inLanguage":"es","potentialAction":[{"@type":"CommentAction","name":"Comment","target":["https:\/\/txellpatxotarquitectura.com\/index.php\/2024\/12\/17\/bahce\/#respond"]}]},{"@type":"WebPage","@id":"https:\/\/txellpatxotarquitectura.com\/index.php\/2024\/12\/17\/bahce\/","url":"https:\/\/txellpatxotarquitectura.com\/index.php\/2024\/12\/17\/bahce\/","name":"BAH\u00c7E - Txell Patxot. Arquitectura y dise\u00f1o","isPartOf":{"@id":"https:\/\/txellpatxotarquitectura.com\/#website"},"datePublished":"2024-12-17T15:19:24+00:00","author":{"@id":"https:\/\/txellpatxotarquitectura.com\/#\/schema\/person\/c5713e5b533363c36ffee7ddb4102d49"},"breadcrumb":{"@id":"https:\/\/txellpatxotarquitectura.com\/index.php\/2024\/12\/17\/bahce\/#breadcrumb"},"inLanguage":"es","potentialAction":[{"@type":"ReadAction","target":["https:\/\/txellpatxotarquitectura.com\/index.php\/2024\/12\/17\/bahce\/"]}]},{"@type":"BreadcrumbList","@id":"https:\/\/txellpatxotarquitectura.com\/index.php\/2024\/12\/17\/bahce\/#breadcrumb","itemListElement":[{"@type":"ListItem","position":1,"name":"Portada","item":"https:\/\/txellpatxotarquitectura.com\/"},{"@type":"ListItem","position":2,"name":"BAH\u00c7E"}]},{"@type":"WebSite","@id":"https:\/\/txellpatxotarquitectura.com\/#website","url":"https:\/\/txellpatxotarquitectura.com\/","name":"Txell Patxot. Arquitectura y dise\u00f1o","description":"","potentialAction":[{"@type":"SearchAction","target":{"@type":"EntryPoint","urlTemplate":"https:\/\/txellpatxotarquitectura.com\/?s={search_term_string}"},"query-input":{"@type":"PropertyValueSpecification","valueRequired":true,"valueName":"search_term_string"}}],"inLanguage":"es"},{"@type":"Person","@id":"https:\/\/txellpatxotarquitectura.com\/#\/schema\/person\/c5713e5b533363c36ffee7ddb4102d49","name":"txellpatxotarquitectura.com","image":{"@type":"ImageObject","inLanguage":"es","@id":"https:\/\/secure.gravatar.com\/avatar\/b0c9f649e13ff6fa5d2b637e4cb4ef183eabc366116840fee0aa9a9e66b30001?s=96&d=mm&r=g","url":"https:\/\/secure.gravatar.com\/avatar\/b0c9f649e13ff6fa5d2b637e4cb4ef183eabc366116840fee0aa9a9e66b30001?s=96&d=mm&r=g","contentUrl":"https:\/\/secure.gravatar.com\/avatar\/b0c9f649e13ff6fa5d2b637e4cb4ef183eabc366116840fee0aa9a9e66b30001?s=96&d=mm&r=g","caption":"txellpatxotarquitectura.com"},"sameAs":["https:\/\/txellpatxotarquitectura.com"],"url":"https:\/\/txellpatxotarquitectura.com\/index.php\/author\/txellpatxotarquitectura-com\/"}]}},"_links":{"self":[{"href":"https:\/\/txellpatxotarquitectura.com\/index.php\/wp-json\/wp\/v2\/posts\/11345","targetHints":{"allow":["GET"]}}],"collection":[{"href":"https:\/\/txellpatxotarquitectura.com\/index.php\/wp-json\/wp\/v2\/posts"}],"about":[{"href":"https:\/\/txellpatxotarquitectura.com\/index.php\/wp-json\/wp\/v2\/types\/post"}],"author":[{"embeddable":true,"href":"https:\/\/txellpatxotarquitectura.com\/index.php\/wp-json\/wp\/v2\/users\/1"}],"replies":[{"embeddable":true,"href":"https:\/\/txellpatxotarquitectura.com\/index.php\/wp-json\/wp\/v2\/comments?post=11345"}],"version-history":[{"count":1,"href":"https:\/\/txellpatxotarquitectura.com\/index.php\/wp-json\/wp\/v2\/posts\/11345\/revisions"}],"predecessor-version":[{"id":11346,"href":"https:\/\/txellpatxotarquitectura.com\/index.php\/wp-json\/wp\/v2\/posts\/11345\/revisions\/11346"}],"wp:attachment":[{"href":"https:\/\/txellpatxotarquitectura.com\/index.php\/wp-json\/wp\/v2\/media?parent=11345"}],"wp:term":[{"taxonomy":"category","embeddable":true,"href":"https:\/\/txellpatxotarquitectura.com\/index.php\/wp-json\/wp\/v2\/categories?post=11345"},{"taxonomy":"post_tag","embeddable":true,"href":"https:\/\/txellpatxotarquitectura.com\/index.php\/wp-json\/wp\/v2\/tags?post=11345"}],"curies":[{"name":"wp","href":"https:\/\/api.w.org\/{rel}","templated":true}]}}